{"id":696,"__str__":"Portaria Escaneada por Aelcio Moreira - vereador presidente","link_detail_backend":"/comissao/documentoacessorio/696","metadata":{},"nome":"Portaria Escaneada","data":"2025-04-09","autor":"Aelcio Moreira - vereador presidente","ementa":"Fica formada, conforme vota\u00e7\u00e3o em plen\u00e1rio o\r\nConselho de \u00c9tica e Decoro Parlamentar, da C\u00e2mara\r\nMunicipal de Ju\u00edna.","indexacao":"","arquivo":"http://sapl.juina.mt.leg.br/media/sapl/public/documentoacessorio/696/anexo/30.pdf","data_ultima_atualizacao":"2025-04-11T12:40:35.132866-03:00","reuniao":239}