{"id":958,"__str__":"Parecer n\u00b0 06 Mo\u00e7\u00e3o 07 escaneada por Comiss\u00e3o Especial","link_detail_backend":"/comissao/documentoacessorio/958","metadata":{},"nome":"Parecer n\u00b0 06 Mo\u00e7\u00e3o 07 escaneada","data":"2025-12-19","autor":"Comiss\u00e3o Especial","ementa":"PARECER DA COMISS\u00c3O TEMPOR\u00c1RIA ESPECIAL\r\nPARECER N. 6/CESP/2025\r\nRelatoria: vereador Geraldo Ant\u00f4nio Ferreira\r\nMembros: Ailton Barbosa de Oliveira e Vanderlei Monteiro.\r\nDesigna\u00e7\u00e3o: Portaria n2 115, de 15 de dezembro de 2025.\r\nFundamenta\u00e7\u00e3o: Resolu\u00e7\u00e3o n2 2/2018, de 15 de maio de 2018.\r\nConclus\u00e3o da relatoria: Favor\u00e1vel \u00e0 tramita\u00e7\u00e3o da mat\u00e9ria\r\nMo\u00e7\u00e3o de Aplauso n2 7/2025\r\nAutoria: vereadora Luiza Boer\r\nAplauso ao Insanos Motoclube \u2014 divis\u00e3o Ju\u00edna \u2014 pelas\r\nrelevantes a\u00e7\u00f5es sociais realizadas em 2025 no\r\nmunic\u00edpio.\r\nI","indexacao":"","arquivo":"http://sapl.juina.mt.leg.br/media/sapl/public/documentoacessorio/958/anexo/06_mocao_07_escaneado.pdf","data_ultima_atualizacao":"2025-12-19T13:31:00.315902-03:00","reuniao":283}