{"id":276,"__str__":"Reuni\u00e3o n\u00ba 01","link_detail_backend":"/comissao/reuniao/276","metadata":{},"numero":1,"nome":"Reuni\u00e3o n\u00ba 01","tema":"Analise de Mat\u00e9ria","data":"2025-12-03","hora_inicio":"08:30:00","hora_fim":"09:00:00","local_reuniao":"Sala das Comiss\u00f5es","observacao":"ATA DA REUNI\u00c3O DA COMISS\u00c3O TEMPOR\u00c1RIA ESPECIAL DE AN\u00c1LISE DAS MO\u00c7\u00d5ES DE APLAUSO N\u00ba 02/2025 E N\u00ba 03/2025, DESIGNADA PELA PORTARIA N\u00ba 103, DE 1\u00ba DE DEZEMBRO DE 2025 - 1\u00aa SESS\u00c3O LEGISLATIVA, 2\u00ba PER\u00cdODO LEGISLATIVO E 11\u00ba LEGISLATURA.\r\nIdentifica\u00e7\u00e3o B\u00e1sica: Tipo de reuni\u00e3o: Ordin\u00e1ria. \r\nData: 3 de dezembro de 2025. \r\nHor\u00e1rio de abertura: 8h30.\r\nHor\u00e1rio de encerramento: 9 horas\r\nMembros Presentes:\r\n\u2022\tPresidente: Vereador Ronicleiton da Silva Santana\r\n\u2022\tRelator: Vereador Geraldo Ant\u00f4nio Ferreira\r\n\u2022\tMembro: Vereadora Carlito Pereira da Rocha","url_audio":"","url_video":"","upload_pauta":"http://sapl.juina.mt.leg.br/media/sapl/public/reuniao/276/pauta/01.pdf","upload_ata":"http://sapl.juina.mt.leg.br/media/sapl/public/reuniao/276/ata/01.pdf","upload_anexo":"http://sapl.juina.mt.leg.br/media/sapl/public/reuniao/276/anexo/103.pdf","periodo":13,"comissao":8}