{"id":114,"__str__":"Relat\u00f3rio - proposta de veiculo de 29/05/2017 por vereador - Ivo Pedro","link_detail_backend":"/materia/documentoacessorio/114","metadata":{},"nome":"proposta de veiculo","data":"2017-05-29","autor":"vereador - Ivo Pedro","ementa":"PROPOSTA DE PRE\u00c7O DO VEICULO SUGERIDO NA INDICA\u00c7\u00c3O PARA COMPRA.","indexacao":"","arquivo":"http://sapl.juina.mt.leg.br/media/sapl/public/documentoacessorio/2017/114/114.pdf","data_ultima_atualizacao":"2018-10-11T12:19:49.229963-03:00","materia":1164,"tipo":7}