{"id":1478,"__str__":"Relat\u00f3rio - Anexo I-5 de 07/08/2023 por Executivo","link_detail_backend":"/materia/documentoacessorio/1478","metadata":{},"nome":"Anexo I-5","data":"2023-08-07","autor":"Executivo","ementa":"Metas f\u00edscias - margem de expans\u00e3o das despesas obrigat\u00e1rias de car\u00e1ter continuado.","indexacao":"","arquivo":"http://sapl.juina.mt.leg.br/media/sapl/public/documentoacessorio/2023/1478/27_anexo_i-5_metas_fiscias_-_margem_de_expansao_das_despesas_obrigatarias_de_carater_continuado..pdf","data_ultima_atualizacao":"2023-08-07T09:39:04.995681-03:00","materia":3842,"tipo":7}