{"id":1510,"__str__":"Relat\u00f3rio - Projeto Farol de 21/11/2023 por Associa\u00e7\u00e3o Juinense de Assist\u00eancia Social","link_detail_backend":"/materia/documentoacessorio/1510","metadata":{},"nome":"Projeto Farol","data":"2023-11-21","autor":"Associa\u00e7\u00e3o Juinense de Assist\u00eancia Social","ementa":"Projeto Farol","indexacao":"","arquivo":"http://sapl.juina.mt.leg.br/media/sapl/public/documentoacessorio/2023/1510/425_anexo.pdf","data_ultima_atualizacao":"2023-11-21T13:03:42.442043-03:00","materia":4058,"tipo":7}