{"id":2078,"__str__":"Documento original da materia - Indica\u00e7\u00e3o Digitalizada de 14/02/2025 por Aelcio Moreira - vereador","link_detail_backend":"/materia/documentoacessorio/2078","metadata":{},"nome":"Indica\u00e7\u00e3o Digitalizada","data":"2025-02-14","autor":"Aelcio Moreira - vereador","ementa":"Indica a Sua Excel\u00eancia, o Prefeito Municipal, Paulo Augusto Veronese, com c\u00f3pias ao Senhor Eriscon Leandro de Oliveira, Secret\u00e1rio Municipal de Educa\u00e7\u00e3o e Cultura, e \u00e0 Senhora Estef\u00e2nia Bas\u00edlio, Secret\u00e1ria Municipal de Esporte, Lazer e Turismo, a necessidade de estudos e esfor\u00e7os conjuntos para disponibilizar um artista pl\u00e1stico ou pintor para a restaura\u00e7\u00e3o do orelh\u00e3o em formato de arara, localizado na Av. Jambos, n\u00ba 519-N, Centro, em frente \u00e0 C\u00e2mara Municipal de Ju\u00edna.","indexacao":"","arquivo":"http://sapl.juina.mt.leg.br/media/sapl/public/documentoacessorio/2025/2078/531.pdf","data_ultima_atualizacao":"2025-02-14T10:20:01.719415-03:00","materia":4681,"tipo":15}