{"id":2096,"__str__":"Documento original da materia - Indica\u00e7\u00e3o Digitalizada de 24/02/2025 por Fabiano Aur\u00e9lio - Presidente","link_detail_backend":"/materia/documentoacessorio/2096","metadata":{},"nome":"Indica\u00e7\u00e3o Digitalizada","data":"2025-02-24","autor":"Fabiano Aur\u00e9lio - Presidente","ementa":"18.\tIndica\u00e7\u00e3o n\u00ba 75/2025 autoria: vereador Fabiano Aur\u00e9lio Ribeiro. Indica a Sua Excel\u00eancia, Paulo Augusto Veronese, Prefeito, com c\u00f3pia ao Senhor Ericson Leandro, Secret\u00e1rio Municipal de Educa\u00e7\u00e3o e Cultura, a necessidade e oportunidade de instalar ventiladores na \u00e1rea do refeit\u00f3rio da Escola Orlando Pereira (antiga Alternativa), visando proporcionar um ambiente mais confort\u00e1vel e adequado para os alunos e servidores durante as refei\u00e7\u00f5es.","indexacao":"","arquivo":"http://sapl.juina.mt.leg.br/media/sapl/public/documentoacessorio/2025/2096/751.pdf","data_ultima_atualizacao":"2025-02-24T13:03:46.906782-03:00","materia":4719,"tipo":15}