{"id":2160,"__str__":"Relat\u00f3rio - Estudo  de impacto or\u00e7ament\u00e1rio de 28/02/2025 por Poder Executivo","link_detail_backend":"/materia/documentoacessorio/2160","metadata":{"signs":{"arquivo":{"admin":[],"autores":[["Haercio Mattei",["2025-02-28T15:12:15-03:00","Gov-Br"]],["Paulo Augusto Veronese",["2025-02-28T15:39:19-04:00","ICP-Brasil"]]]}}},"nome":"Estudo  de impacto or\u00e7ament\u00e1rio","data":"2025-02-28","autor":"Poder Executivo","ementa":"Estudo de impacto or\u00e7ament\u00e1rio","indexacao":"","arquivo":"http://sapl.juina.mt.leg.br/media/sapl/public/documentoacessorio/2025/2160/anexo_unico_-_mensagem_012_-_impacto_-_refis_-_daes_2025.pdf","data_ultima_atualizacao":"2025-02-28T20:12:34.610711-03:00","materia":4742,"tipo":7}