{"id":2288,"__str__":"Documento original da materia - Indica\u00e7\u00e3o Digitalizada de 11/04/2025 por Vitor Gabriel - vereador","link_detail_backend":"/materia/documentoacessorio/2288","metadata":{},"nome":"Indica\u00e7\u00e3o Digitalizada","data":"2025-04-11","autor":"Vitor Gabriel - vereador","ementa":"Indica a Sua Excel\u00eancia Senhor Mauro Mendes, Governador do Estado de Mato Grosso, ao Deputado Federal Rodrigo da Zaeli e \u00e0 Deputada Federal Coronel Fernanda, a necessidade e a import\u00e2ncia de unir esfor\u00e7os para viabilizar a destina\u00e7\u00e3o de um aparelho de tomografia computadorizada ao sistema p\u00fablico de sa\u00fade do munic\u00edpio de Ju\u00edna, Estado de Mato Grosso.","indexacao":"","arquivo":"http://sapl.juina.mt.leg.br/media/sapl/public/documentoacessorio/2025/2288/1421.pdf","data_ultima_atualizacao":"2025-04-11T10:33:39.346699-03:00","materia":4815,"tipo":15}