{"id":2297,"__str__":"Aut\u00f3grafo - Indica\u00e7\u00e3o Digitalizada de 15/04/2025 por Aelcio Moreira - vereador presidente","link_detail_backend":"/materia/documentoacessorio/2297","metadata":{},"nome":"Indica\u00e7\u00e3o Digitalizada","data":"2025-04-15","autor":"Aelcio Moreira - vereador presidente","ementa":"Indica a Sua Excel\u00eancia Senhor Mauro Mendes, Governador do Estado de Mato Grosso, ao Deputado Federal Rodrigo da Zaeli e \u00e0 Deputada Federal Coronel Fernanda, a necessidade e a import\u00e2ncia de unir esfor\u00e7os para viabilizar a destina\u00e7\u00e3o de um aparelho de tomografia computadorizada ao sistema p\u00fablico de sa\u00fade do munic\u00edpio de Ju\u00edna, Estado de Mato Grosso.","indexacao":"","arquivo":"http://sapl.juina.mt.leg.br/media/sapl/public/documentoacessorio/2025/2297/1422.pdf","data_ultima_atualizacao":"2025-04-15T09:15:53.307030-03:00","materia":4815,"tipo":4}