{"id":2316,"__str__":"Aut\u00f3grafo - Indica\u00e7\u00e3o Digitalizada de 23/04/2025 por Aelcio Moreira - vereador","link_detail_backend":"/materia/documentoacessorio/2316","metadata":{},"nome":"Indica\u00e7\u00e3o Digitalizada","data":"2025-04-23","autor":"Aelcio Moreira - vereador","ementa":"Indica \u00e0 Sua Excel\u00eancia o Senhor Paulo Augusto Veronese, Prefeito Municipal, com c\u00f3pia \u00e0 Senhora Marcela Am\u00e9rico, Secret\u00e1ria Municipal de Sa\u00fade, a necessidade e a viabilidade de o Munic\u00edpio de Ju\u00edna assumir as despesas relacionadas ao tratamento e \u00e0 realiza\u00e7\u00e3o de exames de tomografia de m\u00e9dia e alta complexidade para os pacientes residentes no munic\u00edpio.","indexacao":"","arquivo":"http://sapl.juina.mt.leg.br/media/sapl/public/documentoacessorio/2025/2316/1482.pdf","data_ultima_atualizacao":"2025-04-23T09:30:18.092963-03:00","materia":4829,"tipo":4}