{"id":2474,"__str__":"Aut\u00f3grafo - Indica\u00e7\u00e3o Digitalizada de 18/06/2025 por Aelcio Moreira - vereador","link_detail_backend":"/materia/documentoacessorio/2474","metadata":{},"nome":"Indica\u00e7\u00e3o Digitalizada","data":"2025-06-18","autor":"Aelcio Moreira - vereador","ementa":"Indica a Sua Excel\u00eancia Paulo Augusto Veronose, Prefeito, com c\u00f3pia ao Senhor Ericson Leandro de Oliveira, Secretaria Municipal de Educa\u00e7\u00e3o e ao Senhor Gelson Menegatti Filho, Presidente do Conselho Estadual de Educa\u00e7\u00e3o de Mato Grosso \u2013 CEE/MT, a necessidade e a oportunidade da ado\u00e7\u00e3o da Pedagogia da Altern\u00e2ncia como metodologia de organiza\u00e7\u00e3o pedag\u00f3gica nas escolas do campo do munic\u00edpio, estendendo sua aplica\u00e7\u00e3o aos Anos Iniciais do Ensino Fundamental e \u00e0 Educa\u00e7\u00e3o Infantil.","indexacao":"","arquivo":"http://sapl.juina.mt.leg.br/media/sapl/public/documentoacessorio/2025/2474/223.pdf","data_ultima_atualizacao":"2025-06-18T08:12:27.518365-03:00","materia":4925,"tipo":4}