{"id":2502,"__str__":"Aut\u00f3grafo - Indica\u00e7\u00e3o Digitalizada de 24/06/2025 por Aelcio Moreira - vereador","link_detail_backend":"/materia/documentoacessorio/2502","metadata":{},"nome":"Indica\u00e7\u00e3o Digitalizada","data":"2025-06-24","autor":"Aelcio Moreira - vereador","ementa":"Indica \u00e0 Sua Excel\u00eancia, Senhor Paulo Augusto Veronese, Prefeito Municipal, com c\u00f3pia ao Senhor Robson Amorim Machado, Secret\u00e1rio Municipal de Planejamento, a necessidade e oportunidade da Redu\u00e7\u00e3o da Taxa de Renova\u00e7\u00e3o de Concess\u00e3o no Cemit\u00e9rio Municipal de Ju\u00edna.","indexacao":"","arquivo":"http://sapl.juina.mt.leg.br/media/sapl/public/documentoacessorio/2025/2502/215.pdf","data_ultima_atualizacao":"2025-06-24T13:30:30.064513-03:00","materia":4929,"tipo":4}