{"id":2575,"__str__":"Aut\u00f3grafo - Indica\u00e7\u00e3o Digitalizada de 04/08/2025 por Aelcio Moreira - vereador presidente","link_detail_backend":"/materia/documentoacessorio/2575","metadata":{},"nome":"Indica\u00e7\u00e3o Digitalizada","data":"2025-08-04","autor":"Aelcio Moreira - vereador presidente","ementa":"Indicam \u00e0 Sua Excel\u00eancia o Senhor Paulo Augusto Veronese, Prefeito Municipal, com c\u00f3pia ao Senhor Ericson Leandro de Oliveira, Secret\u00e1rio Municipal de Educa\u00e7\u00e3o e Cultura, a necessidade de disponibilizar, com urg\u00eancia, espa\u00e7o f\u00edsico apropriado nas unidades de ensino para armazenamento de pertences pessoais das T\u00e9cnicas em Alimenta\u00e7\u00e3o Escolar, em cumprimento ao Orientativo n\u00ba 006/SMEC/JU\u00cdNA/MT.","indexacao":"","arquivo":"http://sapl.juina.mt.leg.br/media/sapl/public/documentoacessorio/2025/2575/2512.pdf","data_ultima_atualizacao":"2025-08-04T12:08:26.390785-03:00","materia":4969,"tipo":4}