{"id":2814,"__str__":"Documento original da materia - Indica\u00e7\u00e3o Digitalizada de 13/10/2025 por Aelcio Moreira - vereador presidente","link_detail_backend":"/materia/documentoacessorio/2814","metadata":{},"nome":"Indica\u00e7\u00e3o Digitalizada","data":"2025-10-13","autor":"Aelcio Moreira - vereador presidente","ementa":"Indica ao Excelent\u00edssimo Senhor Prefeito Municipal de Ju\u00edna, com c\u00f3pia \u00e0 Secret\u00e1ria Municipal de Sa\u00fade, Sra. Marcela Am\u00e9rico, articulem junto a Casa de Apoio Estrela Dalva, em Cuiab\u00e1, a possibilidade de ampliar o uso do ar-condicionado nos quartos durante o dia, levando em considera\u00e7\u00e3o as condi\u00e7\u00f5es clim\u00e1ticas e as peculiaridades dos pacientes acolhidos.","indexacao":"","arquivo":"http://sapl.juina.mt.leg.br/media/sapl/public/documentoacessorio/2025/2814/3611.pdf","data_ultima_atualizacao":"2025-10-13T09:57:11.220635-03:00","materia":5136,"tipo":15}