{"id":2891,"__str__":"Documento original da materia - Projeto de lei digitalizado de 07/11/2025 por Carlito Pereira da Rocha","link_detail_backend":"/materia/documentoacessorio/2891","metadata":{},"nome":"Projeto de lei digitalizado","data":"2025-11-07","autor":"Carlito Pereira da Rocha","ementa":"Disp\u00f5e sobre a padroniza\u00e7\u00e3o das cores utilizadas na pintura de pr\u00e9dios p\u00fablicos no \u00e2mbito do Munic\u00edpio de Ju\u00edna e d\u00e1 outras provid\u00eancias.","indexacao":"","arquivo":"http://sapl.juina.mt.leg.br/media/sapl/public/documentoacessorio/2025/2891/331.pdf","data_ultima_atualizacao":"2025-11-07T11:11:28.971620-03:00","materia":5175,"tipo":15}