{"id":2915,"__str__":"Aut\u00f3grafo - Indica\u00e7\u00e3o Digitalizada de 24/11/2025 por Aelcio Moreira - vereador presidente","link_detail_backend":"/materia/documentoacessorio/2915","metadata":{},"nome":"Indica\u00e7\u00e3o Digitalizada","data":"2025-11-24","autor":"Aelcio Moreira - vereador presidente","ementa":"Indica a Sua Excel\u00eancia Paulo Augusto Veronese, Prefeito, com c\u00f3pia a Senhora Marcela Am\u00e9rica, Secret\u00e1ria Municipal de Sa\u00fade, a necessidade e a oportunidade da substitui\u00e7\u00e3o e manuten\u00e7\u00e3o dos seguintes equipamentos odontol\u00f3gicos do consult\u00f3rio dent\u00e1rio do UBS \u2013 Equipe 2 do M\u00f3dulo 5: Pedal de acionamento das canetas rotat\u00f3rias; Refletor odontol\u00f3gico; Cadeira odontol\u00f3gica; Ultrassom odontol\u00f3gico; e, Autoclave.","indexacao":"","arquivo":"http://sapl.juina.mt.leg.br/media/sapl/public/documentoacessorio/2025/2915/3862.pdf","data_ultima_atualizacao":"2025-11-24T12:02:54.153119-03:00","materia":5198,"tipo":4}