{"id":2928,"__str__":"Relat\u00f3rio - Estudo de Impacto de 28/11/2025 por Executivo","link_detail_backend":"/materia/documentoacessorio/2928","metadata":{"signs":{"arquivo":{"admin":[],"autores":[["Nataniel Tomasini",["2025-11-27T10:46:05-04:00","ICP-Brasil"]],["Paulo Augusto Veronese",["2025-11-27T10:45:45-04:00","ICP-Brasil"]]]}}},"nome":"Estudo de Impacto","data":"2025-11-28","autor":"Executivo","ementa":"Disp\u00f5e sobre a altera\u00e7\u00e3o de subs\u00eddios, com altera\u00e7\u00e3o de ANEXO e de TABELAS, na Lei Complementar Municipal n.\u00ba 1.399/2012, que disp\u00f5e sobre o Plano de Cargos, Carreira e Subs\u00eddio dos Profissionais da Educa\u00e7\u00e3o B\u00e1sica de Ju\u00edna-MT e d\u00e1 outras provid\u00eancias.","indexacao":"","arquivo":"http://sapl.juina.mt.leg.br/media/sapl/public/documentoacessorio/2025/2928/impacto_orcamentario_financeiro_aumento_professores_2025_dezembro.pdf","data_ultima_atualizacao":"2025-11-28T13:12:32.707125-03:00","materia":5207,"tipo":7}