{"id":2929,"__str__":"Parecer Comiss\u00f5es  - parecer digitalizado de 01/12/2025 por Comiss\u00e3o de Legisla\u00e7\u00e3o Justi\u00e7a e Reda\u00e7\u00e3o Final","link_detail_backend":"/materia/documentoacessorio/2929","metadata":{},"nome":"parecer digitalizado","data":"2025-12-01","autor":"Comiss\u00e3o de Legisla\u00e7\u00e3o Justi\u00e7a e Reda\u00e7\u00e3o Final","ementa":"PARECER N\u00ba 53/CLJRF/2025.\r\nRELATORIA: vereador Ant\u00f4nio Jos\u00e9 da Silva\r\nCONCLUS\u00c3O DA RELATORIA: Favor\u00e1vel \u00e0 tramita\u00e7\u00e3o da mat\u00e9ria.\r\n\r\nProjeto de Lei Complementar n\u00ba 12/2025\r\nAutoria: Poder Executivo Municipal\r\nEmenta: Disp\u00f5e sobre a altera\u00e7\u00e3o de subs\u00eddios, com altera\u00e7\u00e3o de ANEXO e de TABELAS, na Lei Complementar Municipal n.\u00ba 1.399/2012, que disp\u00f5e sobre o Plano de Cargos, Carreira e Subs\u00eddio dos Profissionais da Educa\u00e7\u00e3o B\u00e1sica de Ju\u00edna-MT e d\u00e1 outras provid\u00eancias.","indexacao":"","arquivo":"http://sapl.juina.mt.leg.br/media/sapl/public/documentoacessorio/2025/2929/53_plc_12_escaneado.pdf","data_ultima_atualizacao":"2025-12-01T10:58:52.865894-03:00","materia":5208,"tipo":8}