{"id":3092,"__str__":"Documento original da materia - Indica\u00e7\u00e3o Digitalizada de 13/02/2026 por Tonh\u00e3o do Rancho","link_detail_backend":"/materia/documentoacessorio/3092","metadata":{},"nome":"Indica\u00e7\u00e3o Digitalizada","data":"2026-02-13","autor":"Tonh\u00e3o do Rancho","ementa":"Indica a Sua Excel\u00eancia Geremias da Silva Lima \u2013 Secret\u00e1rio Municipal de Assist\u00eancia Social, com copia a Senhora Marcela Am\u00e9rico Ortolan - Secret\u00e1ria Municipal de Sa\u00fade, ao Senhor Ericson Leandro de Oliveira - Secret\u00e1rio Municipal de Educa\u00e7\u00e3o e Cultura e para o Senhor Jefferson Foga\u00e7a \u2013 Presidente do Conselho Comunit\u00e1rio de Seguran\u00e7a de Ju\u00edna e Presidente da Associa\u00e7\u00e3o Comercial e Empresarial de Ju\u00edna, a necessidade e a oportunidade de realizar reuni\u00e3o ampliada para discutir, planejar estrat\u00e9gias e deliberar sobre atua\u00e7\u00e3o integrada em rede para enfrentamento da vulnerabilidade social no entorno da Rodovi\u00e1ria Municipal, envolvendo indiv\u00edduos em situa\u00e7\u00e3o de rua.","indexacao":"","arquivo":"http://sapl.juina.mt.leg.br/media/sapl/public/documentoacessorio/2026/3092/321.pdf","data_ultima_atualizacao":"2026-02-16T09:56:43.813565-03:00","materia":5312,"tipo":15}