{"id":3108,"__str__":"Aut\u00f3grafo - Indica\u00e7\u00e3o Digitalizada de 19/02/2026 por Aelcio Moreira - vereador presidente","link_detail_backend":"/materia/documentoacessorio/3108","metadata":{},"nome":"Indica\u00e7\u00e3o Digitalizada","data":"2026-02-19","autor":"Aelcio Moreira - vereador presidente","ementa":"Indica a Sua Excel\u00eancia o Senhor Fabio Tardin, Deputado Estadual, com c\u00f3pia Excelent\u00edssimo Senhor Paulo Augusto Veronese, Prefeito e ao Presidente da Associa\u00e7\u00e3o Rural Comunit\u00e1ria Sagrada Fam\u00edlia, a necessidade de destina\u00e7\u00e3o de Emenda Parlamentar no valor de R$ 200.000,00 para constru\u00e7\u00e3o de barrac\u00e3o para guarda e conserva\u00e7\u00e3o dos maquin\u00e1rios da Associa\u00e7\u00e3o Comunit\u00e1ria Rural Sagrada Fam\u00edlia (CNPJ 01.842.842/0001-53.","indexacao":"","arquivo":"http://sapl.juina.mt.leg.br/media/sapl/public/documentoacessorio/2026/3108/312.pdf","data_ultima_atualizacao":"2026-02-19T09:25:50.584602-03:00","materia":5308,"tipo":4}