{"id":3129,"__str__":"Aut\u00f3grafo - Indica\u00e7\u00e3o Digitalizada de 10/03/2026 por Aelcio Moreira - vereador presidente","link_detail_backend":"/materia/documentoacessorio/3129","metadata":{},"nome":"Indica\u00e7\u00e3o Digitalizada","data":"2026-03-10","autor":"Aelcio Moreira - vereador presidente","ementa":"Indicam a Sua Excel\u00eancia, Paulo Augusto Veronese, Prefeito, com c\u00f3pia aos secret\u00e1rios municipais a necessidade e a oportunidade que cumpram a Lei n\u00ba 1.445 de 2013, que disp\u00f5e sobre a obrigatoriedade de identifica\u00e7\u00e3o dos ve\u00edculos terceirizados que prestam servi\u00e7os no \u00e2mbito da Administra\u00e7\u00e3o P\u00fablica Municipal a placa \u201cA servi\u00e7o da Prefeitura\u201d.","indexacao":"","arquivo":"http://sapl.juina.mt.leg.br/media/sapl/public/documentoacessorio/2026/3129/511.pdf","data_ultima_atualizacao":"2026-03-10T12:58:32.633424-03:00","materia":5335,"tipo":4}