{"id":3136,"__str__":"Documento original da materia - Indica\u00e7\u00e3o Digitalizada de 12/03/2026 por Fabiano Aur\u00e9lio - vereador","link_detail_backend":"/materia/documentoacessorio/3136","metadata":{},"nome":"Indica\u00e7\u00e3o Digitalizada","data":"2026-03-12","autor":"Fabiano Aur\u00e9lio - vereador","ementa":"Indica a Sua Excel\u00eancia Paulo Augusto Veronese, Prefeito Municipal, com c\u00f3pia \u00e0 Senhora Marcela Am\u00e9rico, Secret\u00e1ria Municipal de Sa\u00fade, a necessidade e a oportunidade de agilizar a realiza\u00e7\u00e3o de teste seletivo para a contrata\u00e7\u00e3o de Agentes Comunit\u00e1rios de Sa\u00fade, visando suprir a car\u00eancia desses profissionais em diversos bairros do munic\u00edpio.","indexacao":"","arquivo":"http://sapl.juina.mt.leg.br/media/sapl/public/documentoacessorio/2026/3136/561.pdf","data_ultima_atualizacao":"2026-03-12T11:36:42.162735-03:00","materia":5339,"tipo":15}