{"id":390,"__str__":"Parecer Jur\u00eddico  - Parecer t\u00e9cnico Jur\u00eddico de 05/08/2019 por advogado - Flavio Lemos Gil","link_detail_backend":"/materia/documentoacessorio/390","metadata":{},"nome":"Parecer t\u00e9cnico Jur\u00eddico","data":"2019-08-05","autor":"advogado - Flavio Lemos Gil","ementa":"parecer t\u00e9cnico jur\u00eddico favor\u00e1vel a tramita\u00e7\u00e3o da mat\u00e9ria.","indexacao":"","arquivo":"http://sapl.juina.mt.leg.br/media/sapl/public/documentoacessorio/2019/390/plo_29.pdf","data_ultima_atualizacao":"2019-08-05T09:56:24.081281-03:00","materia":1884,"tipo":1}