{"id":433,"__str__":"Relat\u00f3rio - abaixo assinado de 09/12/2019 por Associa\u00e7\u00e3o Rural S\u00e3o Benedito","link_detail_backend":"/materia/documentoacessorio/433","metadata":{},"nome":"abaixo assinado","data":"2019-12-09","autor":"Associa\u00e7\u00e3o Rural S\u00e3o Benedito","ementa":"Abaixo Assinado e ata da reuni\u00e3o da Associa\u00e7\u00e3o Rural S\u00e3o Benedito","indexacao":"","arquivo":"http://sapl.juina.mt.leg.br/media/sapl/public/documentoacessorio/2019/433/229_anexo.pdf","data_ultima_atualizacao":"2019-12-09T12:16:53.037557-03:00","materia":2025,"tipo":7}