{"id":485,"__str__":"Parecer Jur\u00eddico  - parecer t\u00e9cnico jur\u00eddico de 03/04/2020 por advogada  Janaina Braga","link_detail_backend":"/materia/documentoacessorio/485","metadata":{},"nome":"parecer t\u00e9cnico jur\u00eddico","data":"2020-04-03","autor":"advogada  Janaina Braga","ementa":"parecer t\u00e9cnico jur\u00eddico favor\u00e1vel a mat\u00e9ria com recomenda\u00e7\u00f5es.","indexacao":"","arquivo":"http://sapl.juina.mt.leg.br/media/sapl/public/documentoacessorio/2020/485/parecer_juridico_-_projeto_de_lei_complementar_no_03-2020_-_reforma_previdencia.pdf","data_ultima_atualizacao":"2020-04-03T13:59:25.170057-03:00","materia":2086,"tipo":1}