{"id":660,"__str__":"Oficio - of\u00edcio 22/2021/SEPLAN de 08/06/2021 por Andre Felippe - Secret\u00e1rio Municipal Planejamento.","link_detail_backend":"/materia/documentoacessorio/660","metadata":{},"nome":"of\u00edcio 22/2021/SEPLAN","data":"2021-06-08","autor":"Andre Felippe - Secret\u00e1rio Municipal Planejamento.","ementa":"Of\u00edcio n.\u00ba 22/2021 em resposta a indica\u00e7\u00e3o n.\u00ba 198/2021 de autoria do vereador Aelcio","indexacao":"","arquivo":"http://sapl.juina.mt.leg.br/media/sapl/public/documentoacessorio/2021/660/022_seplam.pdf","data_ultima_atualizacao":"2021-06-08T13:19:06.105234-03:00","materia":2496,"tipo":10}