{"id":1742,"__str__":"Indica\u00e7\u00e3o n\u00ba 33 de 2019","link_detail_backend":"/materia/1742","metadata":{},"numero":33,"ano":2019,"numero_protocolo":103,"data_apresentacao":"2019-02-28","tipo_apresentacao":"E","data_publicacao":null,"numero_origem_externa":"","ano_origem_externa":null,"data_origem_externa":null,"apelido":"","dias_prazo":null,"data_fim_prazo":null,"em_tramitacao":false,"polemica":null,"objeto":"","complementar":null,"ementa":"Indica a Sua Excel\u00eancia o Senhor Altir Ant\u00f4nio Peruzzo \u2013 Prefeito, com c\u00f3pia ao Senhor Jo\u00e3o Manoel Peres \u2013 Secret\u00e1rio Municipal de Agricultura e Meio Ambiente a necessidade e oportunidade de autorizar por um per\u00edodo de 03 anos, prorrog\u00e1vel, o uso pela comunidade interessada dos espa\u00e7os p\u00fablicos n\u00e3o utiliz\u00e1veis e adequada a receber o plantio de produtos aliment\u00edcios sustent\u00e1veis (mandioca, horta, milho).","indexacao":"","observacao":"","resultado":"","texto_original":"http://sapl.juina.mt.leg.br/media/sapl/public/materialegislativa/2019/1742/33.pdf","data_ultima_atualizacao":"2019-03-07T09:21:39.996534-03:00","ip":"","ultima_edicao":null,"tipo":8,"regime_tramitacao":1,"tipo_origem_externa":null,"local_origem_externa":null,"user":null,"anexadas":[],"autores":[39]}