{"id":1925,"__str__":"Indica\u00e7\u00e3o n\u00ba 165 de 2019","link_detail_backend":"/materia/1925","metadata":{},"numero":165,"ano":2019,"numero_protocolo":532,"data_apresentacao":"2019-09-20","tipo_apresentacao":"E","data_publicacao":null,"numero_origem_externa":"","ano_origem_externa":null,"data_origem_externa":null,"apelido":"","dias_prazo":null,"data_fim_prazo":null,"em_tramitacao":false,"polemica":false,"objeto":"","complementar":false,"ementa":"Indica a sua Excel\u00eancia o Senhor Altir Ant\u00f4nio Peruzzo \u2013 Prefeito, com c\u00f3pia ao Senhor Marcelo Garcia - Secret\u00e1rio Municipal de Planejamento a necessidade e oportunidade de projetar e construir extens\u00e3o de rede de energia el\u00e9trica e instala\u00e7\u00e3o de rede de distribui\u00e7\u00e3o de \u00e1gua tratada no setor entre os Bairros M\u00f3dulo 5 e Cidade Alta, como tamb\u00e9m, nos setores do Bairro Palmiteira ainda n\u00e3o contemplados com esses benef\u00edcios.","indexacao":"","observacao":"","resultado":"","texto_original":"http://sapl.juina.mt.leg.br/media/sapl/public/materialegislativa/2019/1925/165.pdf","data_ultima_atualizacao":"2019-09-23T13:20:19.209881-03:00","ip":"187.53.17.210","ultima_edicao":null,"tipo":8,"regime_tramitacao":1,"tipo_origem_externa":null,"local_origem_externa":null,"user":34,"anexadas":[],"autores":[4,38]}