{"id":2077,"__str__":"Proposta de Emenda a Lei Org\u00e2nica n\u00ba 21 de 2020","link_detail_backend":"/materia/2077","metadata":{},"numero":21,"ano":2020,"numero_protocolo":87,"data_apresentacao":"2020-03-02","tipo_apresentacao":"E","data_publicacao":null,"numero_origem_externa":"","ano_origem_externa":null,"data_origem_externa":null,"apelido":"","dias_prazo":null,"data_fim_prazo":null,"em_tramitacao":false,"polemica":false,"objeto":"","complementar":false,"ementa":"Altera o Artigo 136, inciso V, que passa a ter outra reda\u00e7\u00e3o, acrescenta os incisos VIII e IX ao pr\u00f3prio Artigo que trata da jornada de trabalho dos profissionais da Educa\u00e7\u00e3o da rede p\u00fablica Municipal de Ju\u00edna e acrescenta o inciso VIII ao Artigo 137 que trata da oferta da Escola de Tempo Integral.","indexacao":"","observacao":"","resultado":"","texto_original":"http://sapl.juina.mt.leg.br/media/sapl/public/materialegislativa/2020/2077/21-20.pdf","data_ultima_atualizacao":"2020-03-31T13:15:12.394226-03:00","ip":"187.53.17.210","ultima_edicao":null,"tipo":14,"regime_tramitacao":1,"tipo_origem_externa":null,"local_origem_externa":null,"user":34,"anexadas":[],"autores":[40,8,39,26,41,35,15]}