{"id":2432,"__str__":"Indica\u00e7\u00e3o n\u00ba 141 de 2021","link_detail_backend":"/materia/2432","metadata":{},"numero":141,"ano":2021,"numero_protocolo":358,"data_apresentacao":"2021-04-12","tipo_apresentacao":"E","data_publicacao":null,"numero_origem_externa":"","ano_origem_externa":null,"data_origem_externa":null,"apelido":"","dias_prazo":null,"data_fim_prazo":null,"em_tramitacao":false,"polemica":false,"objeto":"","complementar":false,"ementa":"Indica a Sua Excel\u00eancia o Senhor Paulo Augusto Veronese \u2013 Prefeito, com c\u00f3pias ao Senhor Jonatas Plinio - Secret\u00e1rio Municipal de Infraestrutura e ao Senhor Andr\u00e9 Felipe Arruda Sales - Secret\u00e1rio Municipal de Planejamento, a necessidade e oportunidade de medidas necess\u00e1rias para reparos e melhorias na ilumina\u00e7\u00e3o p\u00fablica da Avenida Bras\u00edlia no Bairro Padre Du\u00edlio.","indexacao":"","observacao":"","resultado":"","texto_original":"http://sapl.juina.mt.leg.br/media/sapl/public/materialegislativa/2021/2432/141.pdf","data_ultima_atualizacao":"2021-04-16T09:05:18.176954-03:00","ip":"138.36.87.46","ultima_edicao":"2021-04-16T08:58:02.732080-03:00","tipo":8,"regime_tramitacao":1,"tipo_origem_externa":null,"local_origem_externa":null,"user":34,"anexadas":[],"autores":[51]}