{"id":2463,"__str__":"Indica\u00e7\u00e3o n\u00ba 168 de 2021","link_detail_backend":"/materia/2463","metadata":{},"numero":168,"ano":2021,"numero_protocolo":418,"data_apresentacao":"2021-04-26","tipo_apresentacao":"E","data_publicacao":null,"numero_origem_externa":"","ano_origem_externa":null,"data_origem_externa":null,"apelido":"","dias_prazo":null,"data_fim_prazo":null,"em_tramitacao":false,"polemica":false,"objeto":"","complementar":false,"ementa":"Indica a Sua Excel\u00eancia o Senhor Paulo Augusto Veronese \u2013 Prefeito, com c\u00f3pia a Senhora Marcela Am\u00e9rico - Secret\u00e1rio Municipal de Sa\u00fade a necessidade e oportunidade da contrata\u00e7\u00e3o de um(a) profissional farmac\u00eautico(a) para a Unidade B\u00e1sica de Sa\u00fade do Bairro Modulo 5, equipe II; realizar coleta de citopatol\u00f3gico para exames preventivos; e a reposi\u00e7\u00e3o dos medicamentos que est\u00e3o em falta.","indexacao":"","observacao":"","resultado":"","texto_original":"http://sapl.juina.mt.leg.br/media/sapl/public/materialegislativa/2021/2463/168.pdf","data_ultima_atualizacao":"2021-05-03T12:07:06.306377-03:00","ip":"138.36.87.32","ultima_edicao":"2021-05-03T12:07:06.058584-03:00","tipo":8,"regime_tramitacao":1,"tipo_origem_externa":null,"local_origem_externa":null,"user":34,"anexadas":[],"autores":[50]}