{"id":2566,"__str__":"Indica\u00e7\u00e3o n\u00ba 259 de 2021","link_detail_backend":"/materia/2566","metadata":{},"numero":259,"ano":2021,"numero_protocolo":710,"data_apresentacao":"2021-07-12","tipo_apresentacao":"E","data_publicacao":null,"numero_origem_externa":"","ano_origem_externa":null,"data_origem_externa":null,"apelido":"","dias_prazo":null,"data_fim_prazo":null,"em_tramitacao":false,"polemica":false,"objeto":"","complementar":false,"ementa":"Indica a sua Excel\u00eancia o senhor Neri Geller \u2013 deputado federal - PP, com c\u00f3pia a sua Excel\u00eancia o senhor Paulo Augusto Veronese - Prefeito a necessidade e oportunidade de destinar emenda parlamentar para implanta\u00e7\u00e3o de uma unidade de produ\u00e7\u00e3o, armazenagem e secagem de gr\u00e3os na Associa\u00e7\u00e3o ASSTRAJ - Assentamento Iracema Ju\u00edna - MT.","indexacao":"","observacao":"","resultado":"","texto_original":"http://sapl.juina.mt.leg.br/media/sapl/public/materialegislativa/2021/2566/259.pdf","data_ultima_atualizacao":"2021-07-13T13:21:37.128745-03:00","ip":"138.36.87.126","ultima_edicao":"2021-07-13T13:21:36.994561-03:00","tipo":8,"regime_tramitacao":1,"tipo_origem_externa":null,"local_origem_externa":null,"user":34,"anexadas":[],"autores":[52]}