{"id":2567,"__str__":"Indica\u00e7\u00e3o n\u00ba 260 de 2021","link_detail_backend":"/materia/2567","metadata":{},"numero":260,"ano":2021,"numero_protocolo":711,"data_apresentacao":"2021-07-12","tipo_apresentacao":"E","data_publicacao":null,"numero_origem_externa":"","ano_origem_externa":null,"data_origem_externa":null,"apelido":"","dias_prazo":null,"data_fim_prazo":null,"em_tramitacao":false,"polemica":false,"objeto":"","complementar":false,"ementa":"Indica a sua Excel\u00eancia o senhor Paulo Augusto Veronese \u2013 prefeito, com c\u00f3pia a senhora Marcela Am\u00e9rico - secret\u00e1ria municipal de sa\u00fade a necessidade e oportunidade de determinar no plano municipal de vacina\u00e7\u00e3o contra a Covid-19, que as pessoas que se recusarem a tomar a vacina, por quest\u00f5es de escolha, sejam colocadas no final da fila de vacina\u00e7\u00e3o.","indexacao":"","observacao":"","resultado":"","texto_original":"http://sapl.juina.mt.leg.br/media/sapl/public/materialegislativa/2021/2567/260.pdf","data_ultima_atualizacao":"2021-07-13T13:21:50.956813-03:00","ip":"138.36.87.126","ultima_edicao":"2021-07-13T13:21:50.839219-03:00","tipo":8,"regime_tramitacao":1,"tipo_origem_externa":null,"local_origem_externa":null,"user":34,"anexadas":[],"autores":[48]}