{"id":2581,"__str__":"Indica\u00e7\u00e3o n\u00ba 270 de 2021","link_detail_backend":"/materia/2581","metadata":{},"numero":270,"ano":2021,"numero_protocolo":755,"data_apresentacao":"2021-08-02","tipo_apresentacao":"E","data_publicacao":null,"numero_origem_externa":"","ano_origem_externa":null,"data_origem_externa":null,"apelido":"","dias_prazo":null,"data_fim_prazo":null,"em_tramitacao":false,"polemica":false,"objeto":"","complementar":false,"ementa":"Indica a sua Excel\u00eancia o Senhor Juarez Costa  \u2013 Deputado Federal, com c\u00f3pia a sua Excel\u00eancia o Paulo Augusto Veronese - prefeito e ao senhor  Alessandro Barbosa - secret\u00e1rio municipal de assist\u00eancia social, a necessidade e oportunidade da destina\u00e7\u00e3o de emenda parlamentar  no valor de R$ 250.000,00 (duzentos e cinquenta mil reais) para custeio de constru\u00e7\u00e3o de barrac\u00e3o  para atividades diversas da Comunidade  do Bairro Padre Du\u00edlio.","indexacao":"","observacao":"","resultado":"","texto_original":"http://sapl.juina.mt.leg.br/media/sapl/public/materialegislativa/2021/2581/270.pdf","data_ultima_atualizacao":"2021-08-04T14:02:31.849690-03:00","ip":"138.36.87.126","ultima_edicao":"2021-08-03T13:08:02.082136-03:00","tipo":8,"regime_tramitacao":1,"tipo_origem_externa":null,"local_origem_externa":null,"user":34,"anexadas":[],"autores":[51]}