{"id":2602,"__str__":"Indica\u00e7\u00e3o n\u00ba 291 de 2021","link_detail_backend":"/materia/2602","metadata":{},"numero":291,"ano":2021,"numero_protocolo":791,"data_apresentacao":"2021-08-09","tipo_apresentacao":"E","data_publicacao":null,"numero_origem_externa":"","ano_origem_externa":null,"data_origem_externa":null,"apelido":"","dias_prazo":null,"data_fim_prazo":null,"em_tramitacao":false,"polemica":false,"objeto":"","complementar":false,"ementa":"Indica a sua Excel\u00eancia o Senhor Paulo Augusto Veronese \u2013 prefeito, com c\u00f3pias ao senhor Jonatas Plinio - secret\u00e1rio municipal de infraestrutura e ao Senhor Andr\u00e9 Felipe Arruda Sales - secret\u00e1rio municipal de planejamento, a necessidade e oportunidade de revitalizar, demarcar e sinalizar as ciclofaixas existentes na Av. Londrina e na Av. Bras\u00edlia.","indexacao":"","observacao":"","resultado":"","texto_original":"http://sapl.juina.mt.leg.br/media/sapl/public/materialegislativa/2021/2602/291.pdf","data_ultima_atualizacao":"2021-08-10T13:47:38.557619-03:00","ip":"138.36.87.126","ultima_edicao":"2021-08-10T13:47:38.426955-03:00","tipo":8,"regime_tramitacao":1,"tipo_origem_externa":null,"local_origem_externa":null,"user":34,"anexadas":[],"autores":[48]}