{"id":2902,"__str__":"Indica\u00e7\u00e3o n\u00ba 77 de 2022","link_detail_backend":"/materia/2902","metadata":{},"numero":77,"ano":2022,"numero_protocolo":282,"data_apresentacao":"2022-04-25","tipo_apresentacao":"E","data_publicacao":null,"numero_origem_externa":"","ano_origem_externa":null,"data_origem_externa":null,"apelido":"","dias_prazo":null,"data_fim_prazo":null,"em_tramitacao":false,"polemica":false,"objeto":"","complementar":false,"ementa":"Indicam a sua Excel\u00eancia o Senhor Paulo Augusto Veronese \u2013 prefeito, com c\u00f3pia \u00e1 senhora Marcela Am\u00e9rico \u2013 Secret\u00e1ria Municipal de Sa\u00fade a necessidade e oportunidade contratar um dentista para atendimento na Unidade B\u00e1sica de Sa\u00fade do Bairro Cidade Alta (M\u00f3dulo 6).","indexacao":"","observacao":"","resultado":"","texto_original":"http://sapl.juina.mt.leg.br/media/sapl/public/materialegislativa/2022/2902/77.pdf","data_ultima_atualizacao":"2022-04-27T10:52:07.103144-03:00","ip":"138.36.87.126","ultima_edicao":"2022-04-27T10:52:06.997717-03:00","tipo":8,"regime_tramitacao":1,"tipo_origem_externa":null,"local_origem_externa":null,"user":34,"anexadas":[],"autores":[53,49,52]}