{"id":2923,"__str__":"Projeto de Resolu\u00e7\u00e3o n\u00ba 1 de 2022","link_detail_backend":"/materia/2923","metadata":{},"numero":1,"ano":2022,"numero_protocolo":331,"data_apresentacao":"2022-05-05","tipo_apresentacao":"E","data_publicacao":null,"numero_origem_externa":"","ano_origem_externa":null,"data_origem_externa":null,"apelido":"","dias_prazo":30,"data_fim_prazo":"2022-06-03","em_tramitacao":false,"polemica":false,"objeto":"","complementar":false,"ementa":"Concede licen\u00e7a ao vereador Jales Jos\u00e9 Perassolo para tratar de assuntos de interesse particular no per\u00edodo de 05 de maio a 03 de junho de 2022.","indexacao":"","observacao":"","resultado":"","texto_original":"http://sapl.juina.mt.leg.br/media/sapl/public/materialegislativa/2022/2923/01_licenca_jales.docx","data_ultima_atualizacao":"2022-05-17T10:00:21.195919-03:00","ip":"138.36.87.126","ultima_edicao":"2022-05-05T10:29:38.715024-03:00","tipo":2,"regime_tramitacao":1,"tipo_origem_externa":null,"local_origem_externa":null,"user":34,"anexadas":[3463],"autores":[46]}