{"id":4791,"__str__":"Indica\u00e7\u00e3o n\u00ba 130 de 2025","link_detail_backend":"/materia/4791","metadata":{},"numero":130,"ano":2025,"numero_protocolo":527,"data_apresentacao":"2025-03-28","tipo_apresentacao":"E","data_publicacao":null,"numero_origem_externa":"","ano_origem_externa":null,"data_origem_externa":null,"apelido":"","dias_prazo":null,"data_fim_prazo":null,"em_tramitacao":false,"polemica":false,"objeto":"","complementar":false,"ementa":"Indicam a Sua Excel\u00eancia, o Senhor Prefeito Municipal, Paulo Augusto Veronese, com c\u00f3pia ao Secret\u00e1rio Municipal de Educa\u00e7\u00e3o e Cultura, Ericson Leandro de Oliveira, e \u00e0 Senhora Janaina Solano Gomes Scamparini, da Delegacia Regional de Ensino, a necessidade e a oportunidade de instituir a campanha \u201cSemana D Olho na Manchinha\u201d, com o objetivo de conscientizar professores e alunos das escolas de Educa\u00e7\u00e3o Infantil, Ensino Fundamental e Ensino M\u00e9dio sobre a hansen\u00edase.","indexacao":"","observacao":"","resultado":"","texto_original":"http://sapl.juina.mt.leg.br/media/sapl/public/materialegislativa/2025/4791/130.pdf","data_ultima_atualizacao":"2025-04-23T09:39:27.447526-03:00","ip":"138.36.87.126","ultima_edicao":"2025-03-28T09:45:27.061648-03:00","tipo":8,"regime_tramitacao":1,"tipo_origem_externa":null,"local_origem_externa":null,"user":34,"anexadas":[],"autores":[39]}