{"id":4941,"__str__":"Indica\u00e7\u00e3o n\u00ba 232 de 2025","link_detail_backend":"/materia/4941","metadata":{},"numero":232,"ano":2025,"numero_protocolo":1088,"data_apresentacao":"2025-06-24","tipo_apresentacao":"E","data_publicacao":null,"numero_origem_externa":"","ano_origem_externa":null,"data_origem_externa":null,"apelido":"","dias_prazo":null,"data_fim_prazo":null,"em_tramitacao":false,"polemica":false,"objeto":"","complementar":false,"ementa":"Indica ao Excelent\u00edssimo Senhor Paulo Augusto Veronese, Prefeito Municipal, com c\u00f3pia \u00e0 Senhora Estef\u00e2nia Bas\u00edlio, Secret\u00e1ria Municipal de Esporte, Lazer e Turismo, a necessidade de destina\u00e7\u00e3o de areia para a quadra de v\u00f4lei de praia localizada no Distrito de Fontanillas.","indexacao":"","observacao":"","resultado":"","texto_original":"http://sapl.juina.mt.leg.br/media/sapl/public/materialegislativa/2025/4941/232.pdf","data_ultima_atualizacao":"2025-07-28T09:41:26.163356-03:00","ip":"24.152.30.95","ultima_edicao":"2025-06-24T11:26:20.706975-03:00","tipo":8,"regime_tramitacao":1,"tipo_origem_externa":null,"local_origem_externa":null,"user":34,"anexadas":[],"autores":[4]}