{"id":4964,"__str__":"Indica\u00e7\u00e3o n\u00ba 247 de 2025","link_detail_backend":"/materia/4964","metadata":{},"numero":247,"ano":2025,"numero_protocolo":1171,"data_apresentacao":"2025-07-04","tipo_apresentacao":"E","data_publicacao":null,"numero_origem_externa":"","ano_origem_externa":null,"data_origem_externa":null,"apelido":"","dias_prazo":null,"data_fim_prazo":null,"em_tramitacao":false,"polemica":false,"objeto":"","complementar":false,"ementa":"Indica \u00e0 Sua Excel\u00eancia o Senhor Paulo Augusto Veronese, Prefeito Municipal de Ju\u00edna, com c\u00f3pia ao Senhor Ericson Leandro de Oliveira, Secret\u00e1rio Municipal de Educa\u00e7\u00e3o, a necessidade e oportunidade de realizar gest\u00e3o junto aos T\u00e9cnicos de Transporte Escolar, no sentido de garantir a aplica\u00e7\u00e3o do percentual de deslocamento previsto na Lei Complementar n\u00ba 1.399/2012, especialmente no Distrito de Filad\u00e9lfia.","indexacao":"","observacao":"","resultado":"","texto_original":"http://sapl.juina.mt.leg.br/media/sapl/public/materialegislativa/2025/4964/247.pdf","data_ultima_atualizacao":"2025-07-11T11:04:07.674106-03:00","ip":"24.152.30.95","ultima_edicao":"2025-07-04T10:20:08.471121-03:00","tipo":8,"regime_tramitacao":1,"tipo_origem_externa":null,"local_origem_externa":null,"user":34,"anexadas":[],"autores":[39]}