{"id":5011,"__str__":"Indica\u00e7\u00e3o n\u00ba 287 de 2025","link_detail_backend":"/materia/5011","metadata":{"signs":{"texto_original":{"admin":[],"autores":[["Luiza Monteiro Boer",["2025-08-20T12:56:24-03:00","Gov-Br"]]]}}},"numero":287,"ano":2025,"numero_protocolo":1428,"data_apresentacao":"2025-08-20","tipo_apresentacao":"E","data_publicacao":null,"numero_origem_externa":"","ano_origem_externa":null,"data_origem_externa":null,"apelido":"","dias_prazo":null,"data_fim_prazo":null,"em_tramitacao":false,"polemica":false,"objeto":"","complementar":false,"ementa":"Indica a Sua Excel\u00eancia, Paulo Augusto Veronese, Prefeito, com c\u00f3pia ao Senhor Jonatas Plinio, Secret\u00e1rio Municipal de Infraestrutura, a necessidade e a oportunidade da instala\u00e7\u00e3o de ilumina\u00e7\u00e3o publica nas ruas ao entorno da Escola Paulo Frente, especificadamente na Rua Cafeara, esquina com Avenida Maring\u00e1, Modulo 5.","indexacao":"","observacao":"","resultado":"","texto_original":"http://sapl.juina.mt.leg.br/media/sapl/public/materialegislativa/2025/5011/287_assinado.pdf","data_ultima_atualizacao":"2025-09-02T14:56:24.778031-03:00","ip":"179.242.166.205","ultima_edicao":"2025-08-20T14:08:52.923143-03:00","tipo":8,"regime_tramitacao":1,"tipo_origem_externa":null,"local_origem_externa":null,"user":34,"anexadas":[],"autores":[50]}