{"id":5023,"__str__":"Indica\u00e7\u00e3o n\u00ba 296 de 2025","link_detail_backend":"/materia/5023","metadata":{},"numero":296,"ano":2025,"numero_protocolo":1445,"data_apresentacao":"2025-08-22","tipo_apresentacao":"E","data_publicacao":null,"numero_origem_externa":"","ano_origem_externa":null,"data_origem_externa":null,"apelido":"","dias_prazo":null,"data_fim_prazo":null,"em_tramitacao":false,"polemica":false,"objeto":"","complementar":false,"ementa":"Indica a Sua Excel\u00eancia, Alan Porto, Secret\u00e1rio de Estado de Educa\u00e7\u00e3o , com c\u00f3pia ao Senhor Ericson Leandro de Oliveira , Secret\u00e1rio Municipal de Educa\u00e7\u00e3o e Cultura  a necessidade  da reforma geral reparadora  da Escola Estadual Ana Neri, localizada no Bairro S\u00e3o Jos\u00e9 Oper\u00e1rio, em Ju\u00edna/MT, com especial aten\u00e7\u00e3o \u00e0 cobertura da quadra de esportes, tendo em vista os danos estruturais graves e aparentes que comprometem a seguran\u00e7a, a qualidade do ensino e a valoriza\u00e7\u00e3o da comunidade escolar.","indexacao":"","observacao":"","resultado":"","texto_original":"http://sapl.juina.mt.leg.br/media/sapl/public/materialegislativa/2025/5023/296.pdf","data_ultima_atualizacao":"2025-09-02T14:56:26.545751-03:00","ip":"187.123.25.186","ultima_edicao":"2025-08-22T10:05:50.975750-03:00","tipo":8,"regime_tramitacao":1,"tipo_origem_externa":null,"local_origem_externa":null,"user":34,"anexadas":[],"autores":[68]}