{"id":5121,"__str__":"Indica\u00e7\u00e3o n\u00ba 347 de 2025","link_detail_backend":"/materia/5121","metadata":{},"numero":347,"ano":2025,"numero_protocolo":1741,"data_apresentacao":"2025-09-30","tipo_apresentacao":"E","data_publicacao":null,"numero_origem_externa":"","ano_origem_externa":null,"data_origem_externa":null,"apelido":"","dias_prazo":null,"data_fim_prazo":null,"em_tramitacao":false,"polemica":false,"objeto":"","complementar":false,"ementa":"Indica ao Excelent\u00edssimo Senhor Paulo Augusto Veronese, Prefeito Municipal de Ju\u00edna, com c\u00f3pia \u00e0 Senhora Moraliza Rocha, Diretora do Departamento de Tr\u00e2nsito, a necessidade e a oportunidade de melhorar a sinaliza\u00e7\u00e3o dos pontos de parada para embarque e desembarque de pessoas com defici\u00eancia em frente aos Centros de Educa\u00e7\u00e3o Infantil (CEIs) e escolas do munic\u00edpio.","indexacao":"","observacao":"","resultado":"","texto_original":"http://sapl.juina.mt.leg.br/media/sapl/public/materialegislativa/2025/5121/347.pdf","data_ultima_atualizacao":"2025-10-07T08:05:18.600887-03:00","ip":"24.152.30.95","ultima_edicao":"2025-09-30T13:40:00.235080-03:00","tipo":8,"regime_tramitacao":1,"tipo_origem_externa":null,"local_origem_externa":null,"user":37,"anexadas":[],"autores":[50]}