{"id":5248,"__str__":"Indica\u00e7\u00e3o n\u00ba 5 de 2026","link_detail_backend":"/materia/5248","metadata":{},"numero":5,"ano":2026,"numero_protocolo":2349,"data_apresentacao":"2026-01-22","tipo_apresentacao":"E","data_publicacao":null,"numero_origem_externa":"","ano_origem_externa":null,"data_origem_externa":null,"apelido":"","dias_prazo":null,"data_fim_prazo":null,"em_tramitacao":false,"polemica":false,"objeto":"","complementar":false,"ementa":"Indica \u00e0 Sua Excel\u00eancia o Senhor Carlos F\u00e1varo, Ministro de Estado e Senador da Rep\u00fablica, a necessidade e a oportunidade de aquisi\u00e7\u00e3o de uma retroescavadeira, destinada a atender \u00e0s demandas da Comunidade Ind\u00edgena Enawene Nawe, por interm\u00e9dio da Associa\u00e7\u00e3o Ind\u00edgena Enawene Nawe, inscrita no CNPJ sob o n\u00ba 11.633.629/0001-95.","indexacao":"","observacao":"","resultado":"","texto_original":"http://sapl.juina.mt.leg.br/media/sapl/public/materialegislativa/2026/5248/05.pdf","data_ultima_atualizacao":"2026-02-03T12:05:15.182917-03:00","ip":"24.152.30.95","ultima_edicao":"2026-01-22T11:12:07.614998-03:00","tipo":8,"regime_tramitacao":1,"tipo_origem_externa":null,"local_origem_externa":null,"user":37,"anexadas":[],"autores":[39]}