{"id":5324,"__str__":"Indica\u00e7\u00e3o n\u00ba 45 de 2026","link_detail_backend":"/materia/5324","metadata":{},"numero":45,"ano":2026,"numero_protocolo":2545,"data_apresentacao":"2026-02-19","tipo_apresentacao":"E","data_publicacao":null,"numero_origem_externa":"","ano_origem_externa":null,"data_origem_externa":null,"apelido":"","dias_prazo":null,"data_fim_prazo":null,"em_tramitacao":false,"polemica":false,"objeto":"","complementar":false,"ementa":"Indica a Sua Excel\u00eancia, Paulo Augusto Veronse, Prefeito, com c\u00f3pia a Senhora Marcela Am\u00e9rico, Secret\u00e1ria Municipal de Sa\u00fade, a necessidade e a urg\u00eancia de implementar um sistema de agendamento integral e continuado em todas as Unidades B\u00e1sicas de Sa\u00fade (UBS). A proposta visa garantir que todos os cidad\u00e3os que buscam atendimento presencial tenham seus hor\u00e1rios marcados para os dias subsequentes da semana, eliminando a necessidade de retorno e as filas formadas durante a madrugada.","indexacao":"","observacao":"","resultado":"","texto_original":"http://sapl.juina.mt.leg.br/media/sapl/public/materialegislativa/2026/5324/45.pdf","data_ultima_atualizacao":"2026-02-23T11:20:33.659287-03:00","ip":"24.152.30.95","ultima_edicao":"2026-02-19T11:55:02.700601-03:00","tipo":8,"regime_tramitacao":1,"tipo_origem_externa":null,"local_origem_externa":null,"user":37,"anexadas":[],"autores":[4]}