{"id":5342,"__str__":"Indica\u00e7\u00e3o n\u00ba 59 de 2026","link_detail_backend":"/materia/5342","metadata":{},"numero":59,"ano":2026,"numero_protocolo":2690,"data_apresentacao":"2026-03-13","tipo_apresentacao":"E","data_publicacao":null,"numero_origem_externa":"","ano_origem_externa":null,"data_origem_externa":null,"apelido":"","dias_prazo":null,"data_fim_prazo":null,"em_tramitacao":false,"polemica":false,"objeto":"","complementar":false,"ementa":"Indica a Sua Excel\u00eancia o Senhor Paulo Augusto Veronese, Prefeito Municipal, com c\u00f3pia \u00e0 Senhora Marcela Am\u00e9rico, Secret\u00e1ria Municipal de Sa\u00fade, a necessidade e a oportunidade da constru\u00e7\u00e3o e edifica\u00e7\u00e3o da Unidade B\u00e1sica de Sa\u00fade \u2013 UBS do M\u00f3dulo 5, a qual possui projeto arquitet\u00f4nico elaborado desde o ano de 2023 e ainda n\u00e3o foi executado.","indexacao":"","observacao":"","resultado":"","texto_original":"http://sapl.juina.mt.leg.br/media/sapl/public/materialegislativa/2026/5342/59.pdf","data_ultima_atualizacao":"2026-03-18T13:32:01.339013-03:00","ip":"24.152.30.95","ultima_edicao":"2026-03-13T08:53:16.023759-03:00","tipo":8,"regime_tramitacao":1,"tipo_origem_externa":null,"local_origem_externa":null,"user":34,"anexadas":[],"autores":[50]}