{"id":5372,"__str__":"Indica\u00e7\u00e3o n\u00ba 77 de 2026","link_detail_backend":"/materia/5372","metadata":{"signs":{"texto_original":{"admin":[],"autores":[["Autentique Ltda",["2026-03-31T09:34:16-03:00","ICP-Brasil - presencial"]]]}}},"numero":77,"ano":2026,"numero_protocolo":2850,"data_apresentacao":"2026-03-31","tipo_apresentacao":"E","data_publicacao":null,"numero_origem_externa":"","ano_origem_externa":null,"data_origem_externa":null,"apelido":"","dias_prazo":null,"data_fim_prazo":null,"em_tramitacao":false,"polemica":false,"objeto":"","complementar":false,"ementa":"Indica a Sua Excel\u00eancia o Senhor Paulo Augusto Veronese, Prefeito Municipal, com c\u00f3pia \u00e0 Senhora Marcela Am\u00e9rico, Secret\u00e1ria Municipal de Sa\u00fade, a necessidade e a oportunidade de contrata\u00e7\u00e3o de profissional m\u00e9dico especialista em Neuropediatria, visando atender \u00e0 demanda existente no munic\u00edpio de Ju\u00edna.","indexacao":"","observacao":"","resultado":"","texto_original":"http://sapl.juina.mt.leg.br/media/sapl/public/materialegislativa/2026/5372/77_assinado.pdf","data_ultima_atualizacao":"2026-04-06T17:09:39.578505-03:00","ip":"24.152.30.95","ultima_edicao":"2026-03-31T09:34:55.561087-03:00","tipo":8,"regime_tramitacao":1,"tipo_origem_externa":null,"local_origem_externa":null,"user":34,"anexadas":[],"autores":[53]}