{"id":10597,"__str__":"Emenda a proposi\u00e7\u00e3o n\u00ba 2 de 2019 | Proposi\u00e7\u00e3o inclusa na Ordem do Dia | 11/03/2019","link_detail_backend":"/materia/tramitacao/10597","metadata":{},"timestamp":"2019-03-11T08:30:32.155889-03:00","data_tramitacao":"2019-03-11","data_encaminhamento":"2019-03-11","urgente":false,"turno":"S","texto":"Reda\u00e7\u00e3o final do projeto de lei n.\u00ba 01/2019 de autoria do vereador Saulo Evangelista incluso na ordem do dia para segunda discuss\u00e3o e vota\u00e7\u00e3o.","data_fim_prazo":null,"ip":"","ultima_edicao":null,"status":3,"materia":1737,"unidade_tramitacao_local":8,"unidade_tramitacao_destino":12,"user":null}